{"id":7837,"date":"2026-03-09T17:39:18","date_gmt":"2026-03-09T15:39:18","guid":{"rendered":"https:\/\/motiuashi.ro\/?p=7837"},"modified":"2026-03-09T17:59:39","modified_gmt":"2026-03-09T15:59:39","slug":"campionatele-nationale-de-judo-u14-si-u16-vor-avea-loc-la-bucuresti","status":"publish","type":"post","link":"https:\/\/motiuashi.ro\/ro\/campionatele-nationale-de-judo-u14-si-u16-vor-avea-loc-la-bucuresti\/","title":{"rendered":"Campionatele Nationale de Judo U14 si U16 Vor Avea Loc la Bucuresti"},"content":{"rendered":"<div data-elementor-type=\"wp-post\" data-elementor-id=\"7837\" class=\"elementor elementor-7837\">\n\t\t\t\t<div class=\"elementor-element elementor-element-4a44c8d e-flex e-con-boxed e-con e-parent\" data-id=\"4a44c8d\" data-element_type=\"container\">\n\t\t\t\t\t<div class=\"e-con-inner\">\n\t\t\t\t<div class=\"elementor-element elementor-element-a282429 elementor-widget elementor-widget-heading\" data-id=\"a282429\" data-element_type=\"widget\" data-widget_type=\"heading.default\">\n\t\t\t\t<div class=\"elementor-widget-container\">\n\t\t\t\t\t<h1 class=\"elementor-heading-title elementor-size-default\">Campionatele Nationale de Judo u14 si u16 vor avea loc la Bucuresti,<br>perioada 13-15 martie 2026<\/h1>\t\t\t\t<\/div>\n\t\t\t\t<\/div>\n\t\t\t\t<div class=\"elementor-element elementor-element-25d02c1 elementor-widget elementor-widget-spacer\" data-id=\"25d02c1\" data-element_type=\"widget\" data-widget_type=\"spacer.default\">\n\t\t\t\t<div class=\"elementor-widget-container\">\n\t\t\t\t\t\t\t<div class=\"elementor-spacer\">\n\t\t\t<div class=\"elementor-spacer-inner\"><\/div>\n\t\t<\/div>\n\t\t\t\t\t\t<\/div>\n\t\t\t\t<\/div>\n\t\t\t\t\t<\/div>\n\t\t\t\t<\/div>\n\t\t<div class=\"elementor-element elementor-element-b5c5127 e-flex e-con-boxed e-con e-parent\" data-id=\"b5c5127\" data-element_type=\"container\">\n\t\t\t\t\t<div class=\"e-con-inner\">\n\t\t\t\t<div class=\"elementor-element elementor-element-74bae45 elementor-widget elementor-widget-text-editor\" data-id=\"74bae45\" data-element_type=\"widget\" data-widget_type=\"text-editor.default\">\n\t\t\t\t<div class=\"elementor-widget-container\">\n\t\t\t\t\t\t\t\t\t<p data-start=\"725\" data-end=\"1060\">Federa\u0163ia Rom\u00e2n\u0103 de Judo, \u00een parteneriat cu ACS Motiuashi, organizeaz\u0103 Campionatele Na\u021bionale de Judo pentru categoriile de v\u00e2rst\u0103 U14 \u015fi U16, competi\u021bie care se va desf\u0103\u0219ura \u00een perioada 13-15 martie 2026, la Centrul Sportiv Apollo din Bucure\u015fti (Str. Energeticienilor nr. 5, Sector 3).<\/p><p>Evenimentul reprezint\u0103 unul dintre cele mai importante momente ale sezonului competi\u0163ional pentru tinerii judoka din Rom\u00e2nia. Pe parcursul competi\u021biei, sute de sportivi din cluburi din \u00eentreaga \u021bar\u0103 vor lupta pentru titlul de campion na\u021bional \u00een categoriile lor de greutate.<\/p><p><span style=\"text-decoration: underline;\"><strong>Programul competi\u021biei<\/strong><\/span><\/p><p>Competi\u0163ia este structurat\u0103 pe parcursul a trei zile:<\/p><p>1.<strong> Vineri, 13 martie<\/strong> \u2013 validarea documentelor, \u0219edin\u021ba tehnic\u0103 \u015fi c\u00e2ntarul oficial al sportivilor.<br \/>2. <strong>S\u00e2mb\u0103t\u0103, 14 martie<\/strong> &#8211; desf\u0103\u015furarea meciurilor oficiale pentru categoria U16.<br \/>3. <strong>Duminic\u0103, 15 martie<\/strong> &#8211; competi\u021bia pentru categoria U14, urmat\u0103 de festivit\u0103\u021bile de premiere.<\/p><p>Organizatorii subliniaz\u0103 importan\u021ba acestui eveniment pentru dezvoltarea sportivilor tineri \u015fi pentru consolidarea performan\u0163ei \u00een judo-ul rom\u00e2nesc.<\/p><p>Potrivit Violetei Beclea Szekely, pre\u015fedinte ACS Motiuashi, obiectivul competi\u021biei este organizarea unui eveniment la standarde ridicate:<\/p>\t\t\t\t\t\t\t\t<\/div>\n\t\t\t\t<\/div>\n\t\t\t\t\t<\/div>\n\t\t\t\t<\/div>\n\t\t<div class=\"elementor-element elementor-element-64004b8 e-flex e-con-boxed e-con e-parent\" data-id=\"64004b8\" data-element_type=\"container\">\n\t\t\t\t\t<div class=\"e-con-inner\">\n\t\t\t\t<div class=\"elementor-element elementor-element-a1e17ce elementor-widget elementor-widget-spacer\" data-id=\"a1e17ce\" data-element_type=\"widget\" data-widget_type=\"spacer.default\">\n\t\t\t\t<div class=\"elementor-widget-container\">\n\t\t\t\t\t\t\t<div class=\"elementor-spacer\">\n\t\t\t<div class=\"elementor-spacer-inner\"><\/div>\n\t\t<\/div>\n\t\t\t\t\t\t<\/div>\n\t\t\t\t<\/div>\n\t\t\t\t<div class=\"elementor-element elementor-element-5b8f4da elementor-widget elementor-widget-heading\" data-id=\"5b8f4da\" data-element_type=\"widget\" data-widget_type=\"heading.default\">\n\t\t\t\t<div class=\"elementor-widget-container\">\n\t\t\t\t\t<h2 class=\"elementor-heading-title elementor-size-default\">\u201eObiectivul nostru este s\u0103 oferim un cadru de concurs profesionist, unde tehnica \u0219i disciplina s\u0103 fac\u0103 diferen\u0163a. Parteneriatul dintre Federa\u021bia Rom\u00e2n\u0103 de Judo \u015fi ACS Motiuashi reprezint\u0103 garan\u021bia unui eveniment organizat la standarde \u00eenalte. Ne concentr\u0103m pe asigurarea unui climat de fair-play \u015fi profesionalism, oferindu-le tinerilor sportivi cadrul ideal pentru a-\u015fi demonstra munca \u015fi progresul realizat \u00een sala de antrenament.\"<\/h2>\t\t\t\t<\/div>\n\t\t\t\t<\/div>\n\t\t\t\t\t<\/div>\n\t\t\t\t<\/div>\n\t\t<div class=\"elementor-element elementor-element-efccbad e-flex e-con-boxed e-con e-parent\" data-id=\"efccbad\" data-element_type=\"container\">\n\t\t\t\t\t<div class=\"e-con-inner\">\n\t\t\t\t<div class=\"elementor-element elementor-element-f3dbd2c elementor-widget elementor-widget-spacer\" data-id=\"f3dbd2c\" data-element_type=\"widget\" data-widget_type=\"spacer.default\">\n\t\t\t\t<div class=\"elementor-widget-container\">\n\t\t\t\t\t\t\t<div class=\"elementor-spacer\">\n\t\t\t<div class=\"elementor-spacer-inner\"><\/div>\n\t\t<\/div>\n\t\t\t\t\t\t<\/div>\n\t\t\t\t<\/div>\n\t\t\t\t\t<\/div>\n\t\t\t\t<\/div>\n\t\t<div class=\"elementor-element elementor-element-0936722 e-flex e-con-boxed e-con e-parent\" data-id=\"0936722\" data-element_type=\"container\">\n\t\t\t\t\t<div class=\"e-con-inner\">\n\t\t\t\t<div class=\"elementor-element elementor-element-a074f88 elementor-widget elementor-widget-text-editor\" data-id=\"a074f88\" data-element_type=\"widget\" data-widget_type=\"text-editor.default\">\n\t\t\t\t<div class=\"elementor-widget-container\">\n\t\t\t\t\t\t\t\t\t<p>Campionatele Na\u021bionale U14 \u0219i U16 sunt considerate un test important pentru viitorii performeri ai judo-ului rom\u00e2nesc, oferind sportivilor oportunitatea de a se afirma \u0219i de a face un pas important spre competi\u021biile interna\u021bionale.<\/p>\t\t\t\t\t\t\t\t<\/div>\n\t\t\t\t<\/div>\n\t\t\t\t<div class=\"elementor-element elementor-element-5b5517c elementor-widget elementor-widget-spacer\" data-id=\"5b5517c\" data-element_type=\"widget\" data-widget_type=\"spacer.default\">\n\t\t\t\t<div class=\"elementor-widget-container\">\n\t\t\t\t\t\t\t<div class=\"elementor-spacer\">\n\t\t\t<div class=\"elementor-spacer-inner\"><\/div>\n\t\t<\/div>\n\t\t\t\t\t\t<\/div>\n\t\t\t\t<\/div>\n\t\t\t\t<div class=\"elementor-element elementor-element-6d2b3a3 elementor-widget elementor-widget-text-editor\" data-id=\"6d2b3a3\" data-element_type=\"widget\" data-widget_type=\"text-editor.default\">\n\t\t\t\t<div class=\"elementor-widget-container\">\n\t\t\t\t\t\t\t\t\t<p data-start=\"555\" data-end=\"802\">Urm\u0103re\u0219te-ne pe <strong data-start=\"571\" data-end=\"612\"><a class=\"decorated-link\" href=\"https:\/\/www.facebook.com\/\" target=\"_new\" rel=\"noopener\" data-start=\"573\" data-end=\"610\">Facebook<\/a><\/strong> pentru a vedea cele mai noi fotografii, videoclipuri \u0219i nout\u0103\u021bi din dojo-ul nostru.<br \/><br data-start=\"696\" data-end=\"699\" \/>Acolo \u00eemp\u0103rt\u0103\u0219im momente de antrenament, competi\u021bii \u0219i pove\u0219ti inspira\u021bionale din lumea judo-ului! <img decoding=\"async\" class=\"emoji\" role=\"img\" draggable=\"false\" src=\"https:\/\/s.w.org\/images\/core\/emoji\/16.0.1\/svg\/1f94b.svg\" alt=\"\ud83e\udd4b\" \/><\/p><p data-start=\"804\" data-end=\"886\"><img decoding=\"async\" class=\"emoji\" role=\"img\" draggable=\"false\" src=\"https:\/\/s.w.org\/images\/core\/emoji\/16.0.1\/svg\/27a1.svg\" alt=\"\u27a1\ufe0f\" \/> <a href=\"https:\/\/www.facebook.com\/people\/Asociatia-Clubul-Sportiv-Motiuashi\/100091799122281\/\"><strong data-start=\"807\" data-end=\"841\">Apas\u0103 aici pentru a ne urm\u0103ri<\/strong><\/a><\/p>\t\t\t\t\t\t\t\t<\/div>\n\t\t\t\t<\/div>\n\t\t\t\t\t<\/div>\n\t\t\t\t<\/div>\n\t\t\t\t<\/div>\n\t\t\n    <div class=\"xs_social_share_widget xs_share_url after_content \t\tmain_content  wslu-style-1 wslu-share-box-shaped wslu-fill-colored wslu-none wslu-share-horizontal wslu-theme-font-no wslu-main_content\">\n\n\t\t\n        <ul>\n\t\t\t        <\/ul>\n    <\/div>","protected":false},"excerpt":{"rendered":"<p>Campionatele Nationale de Judo u14 si u16 vor avea loc la Bucuresti,perioada 13-15 martie 2026 Federa\u0163ia Rom\u00e2n\u0103 de Judo, \u00een parteneriat cu ACS Motiuashi, organizeaz\u0103 Campionatele Na\u021bionale de Judo pentru categoriile de v\u00e2rst\u0103 U14 \u015fi U16, competi\u021bie care se va desf\u0103\u0219ura \u00een perioada 13-15 martie 2026, la Centrul Sportiv Apollo din Bucure\u015fti (Str. Energeticienilor nr.<span class=\"more-dots\">&#8230;<\/span><\/p>","protected":false},"author":2,"featured_media":7839,"comment_status":"closed","ping_status":"closed","sticky":false,"template":"","format":"standard","meta":{"footnotes":""},"categories":[45],"tags":[71,56,86,62,69,89,54,48,61,49,87,88],"class_list":["post-7837","post","type-post","status-publish","format-standard","has-post-thumbnail","hentry","category-blog","tag-club-motiuashi","tag-competitie-judo","tag-competitie-nationala","tag-judo-bucuresti","tag-judo-juniori","tag-judo-national","tag-judo-pentru-copii","tag-judo-romania","tag-motiuashi","tag-motiuashi-dojo","tag-nationala-u14","tag-nationala-u16"],"yoast_head":"<!-- This site is optimized with the Yoast SEO plugin v26.8 - https:\/\/yoast.com\/product\/yoast-seo-wordpress\/ -->\n<title>Campionatele Nationale de Judo U14 si U16 Vor Avea Loc la Bucuresti - ACS Motiuashi | Club de Judo<\/title>\n<meta name=\"robots\" content=\"index, follow, max-snippet:-1, max-image-preview:large, max-video-preview:-1\" \/>\n<link rel=\"canonical\" href=\"https:\/\/motiuashi.ro\/ro\/campionatele-nationale-de-judo-u14-si-u16-vor-avea-loc-la-bucuresti\/\" \/>\n<meta property=\"og:locale\" content=\"ro_RO\" \/>\n<meta property=\"og:type\" content=\"article\" \/>\n<meta property=\"og:title\" content=\"Campionatele Nationale de Judo U14 si U16 Vor Avea Loc la Bucuresti - ACS Motiuashi | Club de Judo\" \/>\n<meta property=\"og:description\" content=\"Campionatele Nationale de Judo u14 si u16 vor avea loc la Bucuresti,perioada 13-15 martie 2026 Federa\u0163ia Rom\u00e2n\u0103 de Judo, \u00een parteneriat cu ACS Motiuashi, organizeaz\u0103 Campionatele Na\u021bionale de Judo pentru categoriile de v\u00e2rst\u0103 U14 \u015fi U16, competi\u021bie care se va desf\u0103\u0219ura \u00een perioada 13-15 martie 2026, la Centrul Sportiv Apollo din Bucure\u015fti (Str. Energeticienilor nr....\" \/>\n<meta property=\"og:url\" content=\"https:\/\/motiuashi.ro\/ro\/campionatele-nationale-de-judo-u14-si-u16-vor-avea-loc-la-bucuresti\/\" \/>\n<meta property=\"og:site_name\" content=\"ACS Motiuashi | Club de Judo\" \/>\n<meta property=\"article:published_time\" content=\"2026-03-09T15:39:18+00:00\" \/>\n<meta property=\"article:modified_time\" content=\"2026-03-09T15:59:39+00:00\" \/>\n<meta property=\"og:image\" content=\"https:\/\/motiuashi.ro\/wp-content\/uploads\/2026\/03\/641440916_774111035755472_570267602255455620_n-1.jpg\" \/>\n\t<meta property=\"og:image:width\" content=\"1536\" \/>\n\t<meta property=\"og:image:height\" content=\"2048\" \/>\n\t<meta property=\"og:image:type\" content=\"image\/jpeg\" \/>\n<meta name=\"author\" content=\"P D\" \/>\n<meta name=\"twitter:card\" content=\"summary_large_image\" \/>\n<meta name=\"twitter:label1\" content=\"Scris de\" \/>\n\t<meta name=\"twitter:data1\" content=\"P D\" \/>\n\t<meta name=\"twitter:label2\" content=\"Timp estimat pentru citire\" \/>\n\t<meta name=\"twitter:data2\" content=\"3 minute\" \/>\n<script type=\"application\/ld+json\" class=\"yoast-schema-graph\">{\"@context\":\"https:\/\/schema.org\",\"@graph\":[{\"@type\":\"Article\",\"@id\":\"https:\/\/motiuashi.ro\/campionatele-nationale-de-judo-u14-si-u16-vor-avea-loc-la-bucuresti\/#article\",\"isPartOf\":{\"@id\":\"https:\/\/motiuashi.ro\/campionatele-nationale-de-judo-u14-si-u16-vor-avea-loc-la-bucuresti\/\"},\"author\":{\"name\":\"P D\",\"@id\":\"https:\/\/motiuashi.ro\/#\/schema\/person\/602158b70dad497f07ad62c9a6894963\"},\"headline\":\"Campionatele Nationale de Judo U14 si U16 Vor Avea Loc la Bucuresti\",\"datePublished\":\"2026-03-09T15:39:18+00:00\",\"dateModified\":\"2026-03-09T15:59:39+00:00\",\"mainEntityOfPage\":{\"@id\":\"https:\/\/motiuashi.ro\/campionatele-nationale-de-judo-u14-si-u16-vor-avea-loc-la-bucuresti\/\"},\"wordCount\":351,\"publisher\":{\"@id\":\"https:\/\/motiuashi.ro\/#organization\"},\"image\":{\"@id\":\"https:\/\/motiuashi.ro\/campionatele-nationale-de-judo-u14-si-u16-vor-avea-loc-la-bucuresti\/#primaryimage\"},\"thumbnailUrl\":\"https:\/\/motiuashi.ro\/wp-content\/uploads\/2026\/03\/641440916_774111035755472_570267602255455620_n-1.jpg\",\"keywords\":[\"Club Motiuashi\",\"Competitie Judo\",\"Competitie Nationala\",\"Judo Bucuresti\",\"Judo Juniori\",\"Judo National\",\"Judo Pentru Copii\",\"Judo Romania\",\"Motiuashi\",\"Motiuashi Dojo\",\"Nationala U14\",\"Nationala U16\"],\"articleSection\":[\"Blog\"],\"inLanguage\":\"ro-RO\"},{\"@type\":\"WebPage\",\"@id\":\"https:\/\/motiuashi.ro\/campionatele-nationale-de-judo-u14-si-u16-vor-avea-loc-la-bucuresti\/\",\"url\":\"https:\/\/motiuashi.ro\/campionatele-nationale-de-judo-u14-si-u16-vor-avea-loc-la-bucuresti\/\",\"name\":\"Campionatele Nationale de Judo U14 si U16 Vor Avea Loc la Bucuresti - ACS Motiuashi | Club de Judo\",\"isPartOf\":{\"@id\":\"https:\/\/motiuashi.ro\/#website\"},\"primaryImageOfPage\":{\"@id\":\"https:\/\/motiuashi.ro\/campionatele-nationale-de-judo-u14-si-u16-vor-avea-loc-la-bucuresti\/#primaryimage\"},\"image\":{\"@id\":\"https:\/\/motiuashi.ro\/campionatele-nationale-de-judo-u14-si-u16-vor-avea-loc-la-bucuresti\/#primaryimage\"},\"thumbnailUrl\":\"https:\/\/motiuashi.ro\/wp-content\/uploads\/2026\/03\/641440916_774111035755472_570267602255455620_n-1.jpg\",\"datePublished\":\"2026-03-09T15:39:18+00:00\",\"dateModified\":\"2026-03-09T15:59:39+00:00\",\"breadcrumb\":{\"@id\":\"https:\/\/motiuashi.ro\/campionatele-nationale-de-judo-u14-si-u16-vor-avea-loc-la-bucuresti\/#breadcrumb\"},\"inLanguage\":\"ro-RO\",\"potentialAction\":[{\"@type\":\"ReadAction\",\"target\":[\"https:\/\/motiuashi.ro\/campionatele-nationale-de-judo-u14-si-u16-vor-avea-loc-la-bucuresti\/\"]}]},{\"@type\":\"ImageObject\",\"inLanguage\":\"ro-RO\",\"@id\":\"https:\/\/motiuashi.ro\/campionatele-nationale-de-judo-u14-si-u16-vor-avea-loc-la-bucuresti\/#primaryimage\",\"url\":\"https:\/\/motiuashi.ro\/wp-content\/uploads\/2026\/03\/641440916_774111035755472_570267602255455620_n-1.jpg\",\"contentUrl\":\"https:\/\/motiuashi.ro\/wp-content\/uploads\/2026\/03\/641440916_774111035755472_570267602255455620_n-1.jpg\",\"width\":1536,\"height\":2048},{\"@type\":\"BreadcrumbList\",\"@id\":\"https:\/\/motiuashi.ro\/campionatele-nationale-de-judo-u14-si-u16-vor-avea-loc-la-bucuresti\/#breadcrumb\",\"itemListElement\":[{\"@type\":\"ListItem\",\"position\":1,\"name\":\"Home\",\"item\":\"https:\/\/motiuashi.ro\/\"},{\"@type\":\"ListItem\",\"position\":2,\"name\":\"Campionatele Nationale de Judo U14 si U16 Vor Avea Loc la Bucuresti\"}]},{\"@type\":\"WebSite\",\"@id\":\"https:\/\/motiuashi.ro\/#website\",\"url\":\"https:\/\/motiuashi.ro\/\",\"name\":\"ACS Motiuashi | Club de Judo\",\"description\":\"\",\"publisher\":{\"@id\":\"https:\/\/motiuashi.ro\/#organization\"},\"potentialAction\":[{\"@type\":\"SearchAction\",\"target\":{\"@type\":\"EntryPoint\",\"urlTemplate\":\"https:\/\/motiuashi.ro\/?s={search_term_string}\"},\"query-input\":{\"@type\":\"PropertyValueSpecification\",\"valueRequired\":true,\"valueName\":\"search_term_string\"}}],\"inLanguage\":\"ro-RO\"},{\"@type\":\"Organization\",\"@id\":\"https:\/\/motiuashi.ro\/#organization\",\"name\":\"ACS Motiuashi | Club de Judo\",\"url\":\"https:\/\/motiuashi.ro\/\",\"logo\":{\"@type\":\"ImageObject\",\"inLanguage\":\"ro-RO\",\"@id\":\"https:\/\/motiuashi.ro\/#\/schema\/logo\/image\/\",\"url\":\"https:\/\/motiuashi.ro\/wp-content\/uploads\/2025\/01\/Logo-Motiuashi.png\",\"contentUrl\":\"https:\/\/motiuashi.ro\/wp-content\/uploads\/2025\/01\/Logo-Motiuashi.png\",\"width\":4996,\"height\":4996,\"caption\":\"ACS Motiuashi | Club de Judo\"},\"image\":{\"@id\":\"https:\/\/motiuashi.ro\/#\/schema\/logo\/image\/\"}},{\"@type\":\"Person\",\"@id\":\"https:\/\/motiuashi.ro\/#\/schema\/person\/602158b70dad497f07ad62c9a6894963\",\"name\":\"P D\",\"url\":\"https:\/\/motiuashi.ro\/ro\/author\/phhdan\/\"}]}<\/script>\n<!-- \/ Yoast SEO plugin. -->","yoast_head_json":{"title":"Campionatele Nationale de Judo U14 si U16 Vor Avea Loc la Bucuresti - ACS Motiuashi | Club de Judo","robots":{"index":"index","follow":"follow","max-snippet":"max-snippet:-1","max-image-preview":"max-image-preview:large","max-video-preview":"max-video-preview:-1"},"canonical":"https:\/\/motiuashi.ro\/ro\/campionatele-nationale-de-judo-u14-si-u16-vor-avea-loc-la-bucuresti\/","og_locale":"ro_RO","og_type":"article","og_title":"Campionatele Nationale de Judo U14 si U16 Vor Avea Loc la Bucuresti - ACS Motiuashi | Club de Judo","og_description":"Campionatele Nationale de Judo u14 si u16 vor avea loc la Bucuresti,perioada 13-15 martie 2026 Federa\u0163ia Rom\u00e2n\u0103 de Judo, \u00een parteneriat cu ACS Motiuashi, organizeaz\u0103 Campionatele Na\u021bionale de Judo pentru categoriile de v\u00e2rst\u0103 U14 \u015fi U16, competi\u021bie care se va desf\u0103\u0219ura \u00een perioada 13-15 martie 2026, la Centrul Sportiv Apollo din Bucure\u015fti (Str. Energeticienilor nr....","og_url":"https:\/\/motiuashi.ro\/ro\/campionatele-nationale-de-judo-u14-si-u16-vor-avea-loc-la-bucuresti\/","og_site_name":"ACS Motiuashi | Club de Judo","article_published_time":"2026-03-09T15:39:18+00:00","article_modified_time":"2026-03-09T15:59:39+00:00","og_image":[{"width":1536,"height":2048,"url":"https:\/\/motiuashi.ro\/wp-content\/uploads\/2026\/03\/641440916_774111035755472_570267602255455620_n-1.jpg","type":"image\/jpeg"}],"author":"P D","twitter_card":"summary_large_image","twitter_misc":{"Scris de":"P D","Timp estimat pentru citire":"3 minute"},"schema":{"@context":"https:\/\/schema.org","@graph":[{"@type":"Article","@id":"https:\/\/motiuashi.ro\/campionatele-nationale-de-judo-u14-si-u16-vor-avea-loc-la-bucuresti\/#article","isPartOf":{"@id":"https:\/\/motiuashi.ro\/campionatele-nationale-de-judo-u14-si-u16-vor-avea-loc-la-bucuresti\/"},"author":{"name":"P D","@id":"https:\/\/motiuashi.ro\/#\/schema\/person\/602158b70dad497f07ad62c9a6894963"},"headline":"Campionatele Nationale de Judo U14 si U16 Vor Avea Loc la Bucuresti","datePublished":"2026-03-09T15:39:18+00:00","dateModified":"2026-03-09T15:59:39+00:00","mainEntityOfPage":{"@id":"https:\/\/motiuashi.ro\/campionatele-nationale-de-judo-u14-si-u16-vor-avea-loc-la-bucuresti\/"},"wordCount":351,"publisher":{"@id":"https:\/\/motiuashi.ro\/#organization"},"image":{"@id":"https:\/\/motiuashi.ro\/campionatele-nationale-de-judo-u14-si-u16-vor-avea-loc-la-bucuresti\/#primaryimage"},"thumbnailUrl":"https:\/\/motiuashi.ro\/wp-content\/uploads\/2026\/03\/641440916_774111035755472_570267602255455620_n-1.jpg","keywords":["Club Motiuashi","Competitie Judo","Competitie Nationala","Judo Bucuresti","Judo Juniori","Judo National","Judo Pentru Copii","Judo Romania","Motiuashi","Motiuashi Dojo","Nationala U14","Nationala U16"],"articleSection":["Blog"],"inLanguage":"ro-RO"},{"@type":"WebPage","@id":"https:\/\/motiuashi.ro\/campionatele-nationale-de-judo-u14-si-u16-vor-avea-loc-la-bucuresti\/","url":"https:\/\/motiuashi.ro\/campionatele-nationale-de-judo-u14-si-u16-vor-avea-loc-la-bucuresti\/","name":"Campionatele Nationale de Judo U14 si U16 Vor Avea Loc la Bucuresti - ACS Motiuashi | Club de Judo","isPartOf":{"@id":"https:\/\/motiuashi.ro\/#website"},"primaryImageOfPage":{"@id":"https:\/\/motiuashi.ro\/campionatele-nationale-de-judo-u14-si-u16-vor-avea-loc-la-bucuresti\/#primaryimage"},"image":{"@id":"https:\/\/motiuashi.ro\/campionatele-nationale-de-judo-u14-si-u16-vor-avea-loc-la-bucuresti\/#primaryimage"},"thumbnailUrl":"https:\/\/motiuashi.ro\/wp-content\/uploads\/2026\/03\/641440916_774111035755472_570267602255455620_n-1.jpg","datePublished":"2026-03-09T15:39:18+00:00","dateModified":"2026-03-09T15:59:39+00:00","breadcrumb":{"@id":"https:\/\/motiuashi.ro\/campionatele-nationale-de-judo-u14-si-u16-vor-avea-loc-la-bucuresti\/#breadcrumb"},"inLanguage":"ro-RO","potentialAction":[{"@type":"ReadAction","target":["https:\/\/motiuashi.ro\/campionatele-nationale-de-judo-u14-si-u16-vor-avea-loc-la-bucuresti\/"]}]},{"@type":"ImageObject","inLanguage":"ro-RO","@id":"https:\/\/motiuashi.ro\/campionatele-nationale-de-judo-u14-si-u16-vor-avea-loc-la-bucuresti\/#primaryimage","url":"https:\/\/motiuashi.ro\/wp-content\/uploads\/2026\/03\/641440916_774111035755472_570267602255455620_n-1.jpg","contentUrl":"https:\/\/motiuashi.ro\/wp-content\/uploads\/2026\/03\/641440916_774111035755472_570267602255455620_n-1.jpg","width":1536,"height":2048},{"@type":"BreadcrumbList","@id":"https:\/\/motiuashi.ro\/campionatele-nationale-de-judo-u14-si-u16-vor-avea-loc-la-bucuresti\/#breadcrumb","itemListElement":[{"@type":"ListItem","position":1,"name":"Home","item":"https:\/\/motiuashi.ro\/"},{"@type":"ListItem","position":2,"name":"Campionatele Nationale de Judo U14 si U16 Vor Avea Loc la Bucuresti"}]},{"@type":"WebSite","@id":"https:\/\/motiuashi.ro\/#website","url":"https:\/\/motiuashi.ro\/","name":"ACS Motiuashi | Club de Judo","description":"","publisher":{"@id":"https:\/\/motiuashi.ro\/#organization"},"potentialAction":[{"@type":"SearchAction","target":{"@type":"EntryPoint","urlTemplate":"https:\/\/motiuashi.ro\/?s={search_term_string}"},"query-input":{"@type":"PropertyValueSpecification","valueRequired":true,"valueName":"search_term_string"}}],"inLanguage":"ro-RO"},{"@type":"Organization","@id":"https:\/\/motiuashi.ro\/#organization","name":"ACS Motiuashi | Club de Judo","url":"https:\/\/motiuashi.ro\/","logo":{"@type":"ImageObject","inLanguage":"ro-RO","@id":"https:\/\/motiuashi.ro\/#\/schema\/logo\/image\/","url":"https:\/\/motiuashi.ro\/wp-content\/uploads\/2025\/01\/Logo-Motiuashi.png","contentUrl":"https:\/\/motiuashi.ro\/wp-content\/uploads\/2025\/01\/Logo-Motiuashi.png","width":4996,"height":4996,"caption":"ACS Motiuashi | Club de Judo"},"image":{"@id":"https:\/\/motiuashi.ro\/#\/schema\/logo\/image\/"}},{"@type":"Person","@id":"https:\/\/motiuashi.ro\/#\/schema\/person\/602158b70dad497f07ad62c9a6894963","name":"P D","url":"https:\/\/motiuashi.ro\/ro\/author\/phhdan\/"}]}},"_links":{"self":[{"href":"https:\/\/motiuashi.ro\/ro\/wp-json\/wp\/v2\/posts\/7837","targetHints":{"allow":["GET"]}}],"collection":[{"href":"https:\/\/motiuashi.ro\/ro\/wp-json\/wp\/v2\/posts"}],"about":[{"href":"https:\/\/motiuashi.ro\/ro\/wp-json\/wp\/v2\/types\/post"}],"author":[{"embeddable":true,"href":"https:\/\/motiuashi.ro\/ro\/wp-json\/wp\/v2\/users\/2"}],"replies":[{"embeddable":true,"href":"https:\/\/motiuashi.ro\/ro\/wp-json\/wp\/v2\/comments?post=7837"}],"version-history":[{"count":7,"href":"https:\/\/motiuashi.ro\/ro\/wp-json\/wp\/v2\/posts\/7837\/revisions"}],"predecessor-version":[{"id":7846,"href":"https:\/\/motiuashi.ro\/ro\/wp-json\/wp\/v2\/posts\/7837\/revisions\/7846"}],"wp:featuredmedia":[{"embeddable":true,"href":"https:\/\/motiuashi.ro\/ro\/wp-json\/wp\/v2\/media\/7839"}],"wp:attachment":[{"href":"https:\/\/motiuashi.ro\/ro\/wp-json\/wp\/v2\/media?parent=7837"}],"wp:term":[{"taxonomy":"category","embeddable":true,"href":"https:\/\/motiuashi.ro\/ro\/wp-json\/wp\/v2\/categories?post=7837"},{"taxonomy":"post_tag","embeddable":true,"href":"https:\/\/motiuashi.ro\/ro\/wp-json\/wp\/v2\/tags?post=7837"}],"curies":[{"name":"wp","href":"https:\/\/api.w.org\/{rel}","templated":true}]}}